{"id":1361,"date":"2016-08-09T00:00:45","date_gmt":"2016-08-08T22:00:45","guid":{"rendered":"http:\/\/blog.alhambra.info\/?p=1361"},"modified":"2016-08-09T00:00:45","modified_gmt":"2016-08-08T22:00:45","slug":"curiosidades-del-palacio-de-yusuf-iii","status":"publish","type":"post","link":"https:\/\/www.alhambra.info\/blog\/curiosidades-del-palacio-de-yusuf-iii\/","title":{"rendered":"Curiosidades del Palacio de Yusuf III"},"content":{"rendered":"<p style=\"text-align: center;\"><img decoding=\"async\" src=\"https:\/\/abierta.ugr.es\/la_alhambra\/mapa\/images\/arq_yusuf3.jpg\" \/><\/p>\n<p style=\"text-align: justify;\">Avanzando por la estrecha calle que serv\u00eda para comunicar los palacios de la Alhambra y dejando atr\u00e1s la complicada pero hermosa configuraci\u00f3n de los Jardines del Partal, encontramos un ce\u00f1ido and\u00e9n protegido por un prolongado pasamano que recorre la base del muro que encierra otro de los palacios de la Alhambra: el Palacio de Yusuf III (1408-1417).<br \/>\nDestaca la gran alberca alargada, testimonio del patio central de un gran edificio de semejante estructura al Palacio de Comares cuyas cruj\u00edas laterales, destruidas, ocupan ahora frondosos jardines.<\/p>\n<p style=\"text-align: justify;\">A la cabecera del patio puede observarse la base de lo que fue estancia principal del Palacio: una torre ante la que se extend\u00eda una galer\u00eda porticada, abierta al patio. Hoy, reducida la edificaci\u00f3n al recrecido de los muros estructurales se ha configurado en una terraza que, al igual que en la etapa medieval, posee una de las perspectivas m\u00e1s hermosas de la Alhambra.<br \/>\nAlgunos restos aparecidos en la excavaci\u00f3n atribuyeron la edificaci\u00f3n a Yusuf III, aunque \u00e9ste pudo modificar o redecorar la construcci\u00f3n atribuida a un sult\u00e1n muy anterior, Muhammad II (1273-1302).<\/p>\n<p style=\"text-align: justify;\">Descubierto en la campa\u00f1a arqueol\u00f3gica de los a\u00f1os treinta, fue documentalmente identificado como Palacio de Mond\u00e9jar o de Tendilla, cedido por los Reyes Cat\u00f3licos al primero de ellos y, desde entonces, residencia de los Alcaides o Gobernadores de la Alhambra.<br \/>\nFelipe V despoj\u00f3 del t\u00edtulo en 1718 a tan destacada familia de la pol\u00edtica y de la cultura espa\u00f1ola de la \u00e9poca, siendo demolido el edificio y vendidos la mayor\u00eda de sus materiales.<\/p>\n","protected":false},"excerpt":{"rendered":"<p>Avanzando por la estrecha calle que serv\u00eda para comunicar los palacios de la Alhambra y dejando atr\u00e1s la complicada pero hermosa configuraci\u00f3n de los Jardines del Partal, encontramos un ce\u00f1ido and\u00e9n protegido por un prolongado pasamano que recorre la base del muro que encierra otro de los palacios de la Alhambra: el Palacio de Yusuf [&hellip;]<\/p>\n","protected":false},"author":1,"featured_media":1363,"comment_status":"closed","ping_status":"open","sticky":false,"template":"","format":"standard","meta":{"footnotes":""},"categories":[3,8],"tags":[],"_links":{"self":[{"href":"https:\/\/www.alhambra.info\/blog\/wp-json\/wp\/v2\/posts\/1361"}],"collection":[{"href":"https:\/\/www.alhambra.info\/blog\/wp-json\/wp\/v2\/posts"}],"about":[{"href":"https:\/\/www.alhambra.info\/blog\/wp-json\/wp\/v2\/types\/post"}],"author":[{"embeddable":true,"href":"https:\/\/www.alhambra.info\/blog\/wp-json\/wp\/v2\/users\/1"}],"replies":[{"embeddable":true,"href":"https:\/\/www.alhambra.info\/blog\/wp-json\/wp\/v2\/comments?post=1361"}],"version-history":[{"count":0,"href":"https:\/\/www.alhambra.info\/blog\/wp-json\/wp\/v2\/posts\/1361\/revisions"}],"wp:featuredmedia":[{"embeddable":true,"href":"https:\/\/www.alhambra.info\/blog\/wp-json\/wp\/v2\/media\/1363"}],"wp:attachment":[{"href":"https:\/\/www.alhambra.info\/blog\/wp-json\/wp\/v2\/media?parent=1361"}],"wp:term":[{"taxonomy":"category","embeddable":true,"href":"https:\/\/www.alhambra.info\/blog\/wp-json\/wp\/v2\/categories?post=1361"},{"taxonomy":"post_tag","embeddable":true,"href":"https:\/\/www.alhambra.info\/blog\/wp-json\/wp\/v2\/tags?post=1361"}],"curies":[{"name":"wp","href":"https:\/\/api.w.org\/{rel}","templated":true}]}}