{"id":1570,"date":"2017-04-12T10:16:48","date_gmt":"2017-04-12T08:16:48","guid":{"rendered":"http:\/\/blog.alhambra.info\/?p=1570"},"modified":"2017-04-12T10:16:48","modified_gmt":"2017-04-12T08:16:48","slug":"itinerario-y-curiosidades-del-miercoles-santo-en-granada-semana-santa-2017","status":"publish","type":"post","link":"https:\/\/www.alhambra.info\/blog\/itinerario-y-curiosidades-del-miercoles-santo-en-granada-semana-santa-2017\/","title":{"rendered":"Itinerario y Curiosidades del Mi\u00e9rcoles Santo en Granada &#8211; Semana Santa 2017"},"content":{"rendered":"<p style=\"text-align: justify;\">Ya es\u00a0<i><strong>Mi\u00e9rcoles Santo<\/strong>, <\/i>hoy\u00a0saldr\u00e1n\u00a0a coronar<i> <strong>Granada<\/strong><\/i><strong>\u00a0cinco cofrad\u00edas<\/strong> con aroma a incienso y conmovedores pasos. Veremos la cofrad\u00eda de los <strong>Gitanos<\/strong>, <strong>Estudiantes<\/strong>, <strong>Penas<\/strong>, <strong>Rosario<\/strong> y del <strong>Nazareno<\/strong> junto al itinerario y curiosidades como es costumbre de mano del historiador<strong> Ferm\u00edn Valenzuela S\u00e1nchez.<\/strong><\/p>\n<p style=\"text-align: justify;\"><strong>MI\u00c9RCOLES SANTO\/FERIA IV HEBDOMADAE SANCTAE &#8211; 12 de abril de 2017<\/strong><\/p>\n<p style=\"text-align: justify;\">\n<h2 style=\"text-align: center;\"><strong>1\u00ba Los Gitanos<\/strong><\/h2>\n<p style=\"text-align: justify;\"><span style=\"color: #008000;\"><strong>INSIGNE, PONTIFICIA, REAL, COLEGIAL Y MAGISTRAL COFRAD\u00cdA DEL SANT\u00cdSIMO CRISTO DEL CONSUELO Y MAR\u00cdA SANT\u00cdSIMA DEL SACROMONTE (LOS GITANOS) (Dos pasos)<\/strong><\/span><br \/>\n<strong>SEDE CAN\u00d3NICA:<\/strong> Abad\u00eda del Sacromonte. Salida desde la Iglesia del Sagrado Coraz\u00f3n de Jes\u00fas.<br \/>\n<strong>SALIDA:<\/strong> 16.45<br \/>\n<strong>INICIO DE LA CARRERA OFICIAL (Cruz Gu\u00eda en calle \u00c1ngel Ganivet):<\/strong> 18.45<br \/>\n<strong>FINAL DE LA CARRERA OFICIAL (Cruz en la Puerta del Perd\u00f3n de la S. I. Catedral Metropolitana):<\/strong> 20.25<br \/>\n<strong>REGRESO A SU TEMPLO EN LA ABAD\u00cdA DEL SACROMONTE (Cruz Gu\u00eda):<\/strong> 3.00<br \/>\n<strong>ICONOGRAF\u00cdA DEL PASO DE MISTERIO:<\/strong> Jes\u00fas crucificado (Miguel Z\u00fa\u00f1iga Navarro, 1989; copia del original de Jos\u00e9 Risue\u00f1o, h. 1698)<br \/>\n<strong>ICONOGRAF\u00cdA DEL PASO DE PALIO:<\/strong> Dolorosa de vestir (Atribuida a Manuel Gonz\u00e1lez, ss. XVIII-XIX)<br \/>\n<strong>H\u00c1BITO NAZARENO:<\/strong> T\u00fanica morada; capillo con el escudo de la cofrad\u00eda y faj\u00edn rojos; capa con el escudo de la cofrad\u00eda dorada.<\/p>\n<p style=\"text-align: justify;\"><strong><span style=\"color: #ff0000;\">Curiosidad:<\/span>\u00a0<\/strong>La estrella de seis puntas del escudo de la cofrad\u00eda de los Gitanos procede del emblema de su sede, la abad\u00eda del Sacromonte, y est\u00e1 sacada de los libros pl\u00fambeos que aparecieron en el siglo XVI en el Sacromonte.<\/p>\n<p style=\"text-align: justify;\"><img loading=\"lazy\" decoding=\"async\" class=\"aligncenter size-full wp-image-940\" src=\"https:\/\/www.alhambra.info\/blog\/wp-content\/uploads\/2016\/03\/ARL4039-copia.jpg\" alt=\"ARL4039-copia\" width=\"970\" height=\"545\" \/><\/p>\n<p style=\"text-align: justify;\"><img loading=\"lazy\" decoding=\"async\" class=\"aligncenter size-full wp-image-942\" src=\"https:\/\/www.alhambra.info\/blog\/wp-content\/uploads\/2016\/03\/ARL4366-copia.jpg\" alt=\"ARL4366-copia\" width=\"970\" height=\"545\" \/><\/p>\n<p style=\"text-align: justify;\"><img loading=\"lazy\" decoding=\"async\" class=\"aligncenter size-full wp-image-941\" src=\"https:\/\/www.alhambra.info\/blog\/wp-content\/uploads\/2016\/03\/ARL4252-copia.jpg\" alt=\"ARL4252-copia\" width=\"970\" height=\"545\" \/><\/p>\n<p><center><iframe loading=\"lazy\" src=\"https:\/\/www.youtube.com\/embed\/Tc6tkE0ZwiI\" width=\"560\" height=\"315\" frameborder=\"0\" allowfullscreen=\"allowfullscreen\"><\/iframe><\/center><\/p>\n<h2 style=\"text-align: center;\"><strong>2\u00ba Estudiantes<\/strong><\/h2>\n<p style=\"text-align: justify;\"><span style=\"color: #008000;\"><strong>MUY ANTIGUA, REAL E ILUSTRE HERMANDAD DE LA ESCLAVITUD DEL SANT\u00cdSIMO SACRAMENTO Y COFRAD\u00cdA UNIVERSITARIA DE NUESTRO SE\u00d1OR DE LA MEDITACI\u00d3N Y MAR\u00cdA SANT\u00cdSIMA DE LOS REMEDIOS, REINA Y MADRE DE LOS ESTUDIANTES (Dos pasos)<\/strong><\/span><br \/>\n<strong>SEDE CAN\u00d3NICA:<\/strong> Iglesia parroquial de los Santos M\u00e1rtires Justo y Pastor.<br \/>\n<strong>SALIDA:<\/strong> 17.10<br \/>\n<strong>INICIO DE LA CARRERA OFICIAL (Cruz Gu\u00eda en calle \u00c1ngel Ganivet):<\/strong> 19.25<br \/>\n<strong>FINAL DE LA CARRERA OFICIAL (Cruz en la Puerta del Perd\u00f3n de la S. I. Catedral Metropolitana):<\/strong> 21.05<br \/>\n<strong>REGRESO A SU TEMPLO (Cruz Gu\u00eda):<\/strong> 21.25<br \/>\n<strong>ICONOGRAF\u00cdA DEL PASO DE MISTERIO:<\/strong> Jes\u00fas sentado en actitud de meditaci\u00f3n mientras espera ser crucificado (An\u00f3nima, s. XVII) acompa\u00f1ado por los dos ladrones y dos romanos (Israel Cornejo, 2013)<br \/>\n<strong>ICONOGRAF\u00cdA DEL PASO DE PALIO:<\/strong> Dolorosa de vestir (Israel Cornejo, 2005)<br \/>\n<strong>H\u00c1BITO NAZARENO:<\/strong> T\u00fanica granate; capillo con el crism\u00f3n, c\u00edngulo y escapulario blancos.<\/p>\n<p style=\"text-align: justify;\"><span style=\"color: #ff0000;\"><strong>Curiosidad:<\/strong><\/span>\u00a0Los Estudiantes llevan en el capillo del h\u00e1bito el crism\u00f3n, un anagrama usado a partir del siglo IV formado por las dos primeras letras del nombre de Cristo en griego.<\/p>\n<p style=\"text-align: justify;\"><img loading=\"lazy\" decoding=\"async\" class=\"aligncenter size-full wp-image-943\" src=\"https:\/\/www.alhambra.info\/blog\/wp-content\/uploads\/2016\/03\/AC_2906.jpg\" alt=\"AC_2906\" width=\"970\" height=\"545\" \/><\/p>\n<p style=\"text-align: justify;\"><img loading=\"lazy\" decoding=\"async\" class=\"aligncenter size-full wp-image-944\" src=\"https:\/\/www.alhambra.info\/blog\/wp-content\/uploads\/2016\/03\/AC_2954.jpg\" alt=\"AC_2954\" width=\"970\" height=\"545\" \/><\/p>\n<p style=\"text-align: justify;\"><img loading=\"lazy\" decoding=\"async\" class=\"aligncenter size-full wp-image-945\" src=\"https:\/\/www.alhambra.info\/blog\/wp-content\/uploads\/2016\/03\/AC_30421.jpg\" alt=\"AC_30421\" width=\"970\" height=\"545\" \/><\/p>\n<p><center><iframe loading=\"lazy\" src=\"https:\/\/www.youtube.com\/embed\/7iKKZImcJ0Q\" width=\"560\" height=\"315\" frameborder=\"0\" allowfullscreen=\"allowfullscreen\"><\/iframe><\/center><\/p>\n<h2 style=\"text-align: center;\"><strong>3\u00ba Penas<\/strong><\/h2>\n<p style=\"text-align: justify;\"><span style=\"color: #008000;\"><strong>IMPERIAL Y VENERABLE HERMANDAD SACRAMENTAL DEL AP\u00d3STOL SAN MAT\u00cdAS E ILUSTRE Y FERVOROSA COFRAD\u00cdA DE PENITENCIA DE NUESTRO PADRE JES\u00daS DE LA PACIENCIA Y MAR\u00cdA SANT\u00cdSIMA DE LAS PENAS (Dos pasos)<\/strong><\/span><br \/>\n<strong>SEDE CAN\u00d3NICA:<\/strong> Iglesia Imperial de San Mat\u00edas.<br \/>\n<strong>SALIDA:<\/strong> 19.20<br \/>\n<strong>INICIO DE LA CARRERA OFICIAL (Cruz Gu\u00eda en calle \u00c1ngel Ganivet):<\/strong> 20.05<br \/>\n<strong>FINAL DE LA CARRERA OFICIAL (Cruz en la Puerta del Perd\u00f3n de la S. I. Catedral Metropolitana):<\/strong> 21.45<br \/>\n<strong>REGRESO A SU TEMPLO (Cruz Gu\u00eda):<\/strong> 23.20<br \/>\n<strong>ICONOGRAF\u00cdA DEL PASO DE MISTERIO:<\/strong> Jes\u00fas atado a la columna durante la flagelaci\u00f3n (Pablo de Rojas, s. XVI)<br \/>\n<strong>ICONOGRAF\u00cdA DEL PASO DE PALIO:<\/strong> Dolorosa de vestir (Jos\u00e9 Jim\u00e9nez Mesa, 1960)<br \/>\n<strong>H\u00c1BITO NAZARENO:<\/strong> T\u00fanica y capillo con el escudo de la cofrad\u00eda morados; c\u00edngulo morado; capa blanca con el escudo sacramental en el lado izquierdo.<\/p>\n<p style=\"text-align: justify;\"><span style=\"color: #ff0000;\"><strong>Curiosidad:<\/strong><\/span>\u00a0La imagen de Jes\u00fas de la Paciencia se encontraba originalmente en el desaparecido hospital de San L\u00e1zaro, instituci\u00f3n fundada por los Reyes Cat\u00f3licos para el cuidados de los leprosos de la ciudad.<\/p>\n<p style=\"text-align: justify;\"><img loading=\"lazy\" decoding=\"async\" class=\"aligncenter size-full wp-image-947\" src=\"https:\/\/www.alhambra.info\/blog\/wp-content\/uploads\/2016\/03\/ARL3741-copia.jpg\" alt=\"ARL3741-copia\" width=\"970\" height=\"545\" \/><\/p>\n<p style=\"text-align: justify;\"><img loading=\"lazy\" decoding=\"async\" class=\"aligncenter size-full wp-image-946\" src=\"https:\/\/www.alhambra.info\/blog\/wp-content\/uploads\/2016\/03\/ARL3618-copia.jpg\" alt=\"ARL3618-copia\" width=\"970\" height=\"545\" \/><\/p>\n<p style=\"text-align: justify;\"><img loading=\"lazy\" decoding=\"async\" class=\"aligncenter size-full wp-image-948\" src=\"https:\/\/www.alhambra.info\/blog\/wp-content\/uploads\/2016\/03\/ARL3750-copia.jpg\" alt=\"ARL3750-copia\" width=\"970\" height=\"545\" \/><\/p>\n<p><center><iframe loading=\"lazy\" src=\"https:\/\/www.youtube.com\/embed\/2_aoOTAFbww\" width=\"560\" height=\"315\" frameborder=\"0\" allowfullscreen=\"allowfullscreen\"><\/iframe><\/center><\/p>\n<h2 style=\"text-align: center;\"><strong>4\u00ba Rosario<\/strong><\/h2>\n<p style=\"text-align: justify;\"><span style=\"color: #008000;\"><strong>HERMANDAD DE NUESTRO PADRE JES\u00daS DE LAS TRES CA\u00cdDAS Y NUESTRA SE\u00d1ORA DEL ROSARIO EN SUS MISTERIOS DOLOROSOS DE LA MUY ANTIGUA, PONTIFICIA, REAL E ILUSTRE ARCHICOFRAD\u00cdA DE NUESTRA SE\u00d1ORA DEL ROSARIO (Dos pasos)<\/strong><\/span><br \/>\n<strong>SEDE CAN\u00d3NICA:<\/strong> Iglesia de Santo Domingo. Parroquia de Santa Escol\u00e1stica.<br \/>\n<strong>SALIDA:<\/strong> 19.15<br \/>\n<strong>INICIO DE LA CARRERA OFICIAL (Cruz Gu\u00eda en calle \u00c1ngel Ganivet):<\/strong> 20.45<br \/>\n<strong>FINAL DE LA CARRERA OFICIAL (Cruz en la Puerta del Perd\u00f3n de la S. I. Catedral Metropolitana):<\/strong> 22.35<br \/>\n<strong>REGRESO A SU TEMPLO (Cruz Gu\u00eda):<\/strong> 23.55<br \/>\n<strong>ICONOGRAF\u00cdA DEL PASO DE MISTERIO:<\/strong> Jes\u00fas ca\u00eddo con la cruz a cuestas (An\u00f3nimo, s. XVII) ayudado por Sim\u00f3n de Cirene (Antonio Bernal, 2006) y acompa\u00f1ado por un romano (Antonio Bernal, 2005).<br \/>\n<strong>ICONOGRAF\u00cdA DEL PASO DE PALIO:<\/strong> Dolorosa de vestir (Miguel Z\u00fa\u00f1iga Navarro, 1985; retallada por Hern\u00e1ndez Le\u00f3n en 1995).<br \/>\n<strong>H\u00c1BITO NAZARENO:<\/strong> T\u00fanica y capa con el escudo con la cruz dominica blancas; capillo con el escudo de la hermandad y c\u00edngulos morados.<\/p>\n<p style=\"text-align: justify;\"><strong><span style=\"color: #ff0000;\">Curiosidad:<\/span>\u00a0<\/strong>El Cristo de las Tres Ca\u00eddas fue la imagen titular de una cofrad\u00eda de cocheros de la ciudad fundada a finales del siglo XVII en el convento de San Francisco Casa Grande, actual sede del MADOC.<\/p>\n<p style=\"text-align: justify;\"><img loading=\"lazy\" decoding=\"async\" class=\"aligncenter size-full wp-image-949\" src=\"https:\/\/www.alhambra.info\/blog\/wp-content\/uploads\/2016\/03\/AC_3213.jpg\" alt=\"AC_3213\" width=\"970\" height=\"545\" \/><\/p>\n<p style=\"text-align: justify;\"><img loading=\"lazy\" decoding=\"async\" class=\"aligncenter size-full wp-image-950\" src=\"https:\/\/www.alhambra.info\/blog\/wp-content\/uploads\/2016\/03\/AC_3225.jpg\" alt=\"AC_3225\" width=\"970\" height=\"545\" \/><\/p>\n<p style=\"text-align: justify;\"><img loading=\"lazy\" decoding=\"async\" class=\"aligncenter size-full wp-image-951\" src=\"https:\/\/www.alhambra.info\/blog\/wp-content\/uploads\/2016\/03\/AC_33661.jpg\" alt=\"AC_33661\" width=\"970\" height=\"545\" \/><\/p>\n<p><center><iframe loading=\"lazy\" src=\"https:\/\/www.youtube.com\/embed\/fUNM_ev66cU\" width=\"560\" height=\"315\" frameborder=\"0\" allowfullscreen=\"allowfullscreen\"><\/iframe><\/center><\/p>\n<h2 style=\"text-align: center;\"><strong>5\u00ba Nazareno<\/strong><\/h2>\n<p style=\"text-align: justify;\"><span style=\"color: #008000;\"><strong>HERMANDAD DE NUESTRO PADRE JES\u00daS NAZARENO Y MAR\u00cdA SANT\u00cdSIMA DE LA MERCED (Dos pasos)<\/strong><\/span><br \/>\n<strong>SEDE CAN\u00d3NICA:<\/strong> Monasterio de las Madres Carmelitas Descalzas.<br \/>\n<strong>SALIDA:<\/strong> 20.15<br \/>\n<strong>INICIO DE LA CARRERA OFICIAL (Cruz Gu\u00eda en calle \u00c1ngel Ganivet):<\/strong> 21.30<br \/>\n<strong>FINAL DE LA CARRERA OFICIAL (Cruz en la Puerta del Perd\u00f3n de la S. I. Catedral Metropolitana):<\/strong> 23.10<br \/>\n<strong>REGRESO A SU TEMPLO (Cruz Gu\u00eda):<\/strong> 23.50<br \/>\n<strong>ICONOGRAF\u00cdA DEL PASO DE MISTERIO:<\/strong> Jes\u00fas con la cruz a cuestas (Antonio Barbero Gor, 1982).<br \/>\n<strong>ICONOGRAF\u00cdA DEL PASO DE PALIO:<\/strong> Dolorosa de vestir (An\u00f3nima, s. XVII)<br \/>\n<strong>H\u00c1BITO NAZARENO:<\/strong> T\u00fanica y capillo morados; cintur\u00f3n de esparto.<\/p>\n<p style=\"text-align: justify;\"><strong><span style=\"color: #ff0000;\">Curiosidad:<\/span>\u00a0<\/strong>La cofrad\u00eda del Nazareno fue fundada por un grupo de costaleros de la cofrad\u00eda de la Concepci\u00f3n.<\/p>\n<p style=\"text-align: justify;\"><img loading=\"lazy\" decoding=\"async\" class=\"aligncenter size-full wp-image-952\" src=\"https:\/\/www.alhambra.info\/blog\/wp-content\/uploads\/2016\/03\/ARL3769-copia.jpg\" alt=\"ARL3769-copia\" width=\"970\" height=\"545\" \/><\/p>\n<p style=\"text-align: justify;\"><img loading=\"lazy\" decoding=\"async\" class=\"aligncenter size-full wp-image-953\" src=\"https:\/\/www.alhambra.info\/blog\/wp-content\/uploads\/2016\/03\/ARL3840-copia1.jpg\" alt=\"ARL3840-copia1\" width=\"970\" height=\"545\" \/><\/p>\n<p style=\"text-align: justify;\"><img loading=\"lazy\" decoding=\"async\" class=\"aligncenter size-full wp-image-954\" src=\"https:\/\/www.alhambra.info\/blog\/wp-content\/uploads\/2016\/03\/ARL3918-copia.jpg\" alt=\"ARL3918-copia\" width=\"970\" height=\"545\" \/><\/p>\n<p><center><iframe loading=\"lazy\" src=\"https:\/\/www.youtube.com\/embed\/wt8dBN2pmGU\" width=\"560\" height=\"315\" frameborder=\"0\" allowfullscreen=\"allowfullscreen\"><\/iframe><\/center>&nbsp;<\/p>\n","protected":false},"excerpt":{"rendered":"<p>Ya es\u00a0Mi\u00e9rcoles Santo, hoy\u00a0saldr\u00e1n\u00a0a coronar Granada\u00a0cinco cofrad\u00edas con aroma a incienso y conmovedores pasos. Veremos la cofrad\u00eda de los Gitanos, Estudiantes, Penas, Rosario y del Nazareno junto al itinerario y curiosidades como es costumbre de mano del historiador Ferm\u00edn Valenzuela S\u00e1nchez. MI\u00c9RCOLES SANTO\/FERIA IV HEBDOMADAE SANCTAE &#8211; 12 de abril de 2017 1\u00ba Los Gitanos [&hellip;]<\/p>\n","protected":false},"author":1,"featured_media":940,"comment_status":"closed","ping_status":"open","sticky":false,"template":"","format":"standard","meta":{"footnotes":""},"categories":[5],"tags":[10,58,84,93,103,106,140,149,168,187,199],"_links":{"self":[{"href":"https:\/\/www.alhambra.info\/blog\/wp-json\/wp\/v2\/posts\/1570"}],"collection":[{"href":"https:\/\/www.alhambra.info\/blog\/wp-json\/wp\/v2\/posts"}],"about":[{"href":"https:\/\/www.alhambra.info\/blog\/wp-json\/wp\/v2\/types\/post"}],"author":[{"embeddable":true,"href":"https:\/\/www.alhambra.info\/blog\/wp-json\/wp\/v2\/users\/1"}],"replies":[{"embeddable":true,"href":"https:\/\/www.alhambra.info\/blog\/wp-json\/wp\/v2\/comments?post=1570"}],"version-history":[{"count":0,"href":"https:\/\/www.alhambra.info\/blog\/wp-json\/wp\/v2\/posts\/1570\/revisions"}],"wp:featuredmedia":[{"embeddable":true,"href":"https:\/\/www.alhambra.info\/blog\/wp-json\/wp\/v2\/media\/940"}],"wp:attachment":[{"href":"https:\/\/www.alhambra.info\/blog\/wp-json\/wp\/v2\/media?parent=1570"}],"wp:term":[{"taxonomy":"category","embeddable":true,"href":"https:\/\/www.alhambra.info\/blog\/wp-json\/wp\/v2\/categories?post=1570"},{"taxonomy":"post_tag","embeddable":true,"href":"https:\/\/www.alhambra.info\/blog\/wp-json\/wp\/v2\/tags?post=1570"}],"curies":[{"name":"wp","href":"https:\/\/api.w.org\/{rel}","templated":true}]}}