{"id":21,"date":"2012-03-08T14:54:17","date_gmt":"2012-03-08T13:54:17","guid":{"rendered":"http:\/\/blog.alhambra.info\/?p=21"},"modified":"2012-03-08T14:54:17","modified_gmt":"2012-03-08T13:54:17","slug":"espacio-de-marzo-2012-el-mirador-romantico","status":"publish","type":"post","link":"https:\/\/www.alhambra.info\/blog\/espacio-de-marzo-2012-el-mirador-romantico\/","title":{"rendered":"Espacio de Marzo 2012: El Mirador Rom\u00e1ntico"},"content":{"rendered":"<p><a href=\"https:\/\/www.alhambra.info\/blog\/wp-content\/uploads\/2012\/03\/Espacio_abril_2011.jpg\"><img loading=\"lazy\" decoding=\"async\" class=\"alignright  wp-image-22\" style=\"margin-left: 10px; margin-right: 0px; border: 1px solid black;\" title=\"Espacio_abril_2011\" src=\"https:\/\/www.alhambra.info\/blog\/wp-content\/uploads\/2012\/03\/Espacio_abril_2011.jpg\" alt=\"\" width=\"218\" height=\"275\" \/><\/a>El Patronato de la Alhambra y Generalife abre al p\u00fablico durante el mes de marzo el Mirador Rom\u00e1ntico, situado en el Generalife. Todos los martes, mi\u00e9rcoles, jueves y domingos, de 8.30 a 18.00 horas, del 1 al 14 de marzo y de 8.30 a 20.00 horas, desde el 15 hasta el 31 de marzo, los turistas que visiten el recinto monumental podr\u00e1n acceder de manera excepcional a este espacio, cerrado a la visita por motivos de conservaci\u00f3n, con s\u00f3lo presentar la entrada general.<br \/>\nAl final de la Escalera del Agua, en la cota m\u00e1s alta del recinto del Palacio del Generalife, encontramos este peque\u00f1o mirador, que en 1836 <!--more-->construy\u00f3 Don Jaime Traversa, administrador de la finca del Generalife, y al que posteriormente se le incorporaron algunas modificaciones. De estilo Neog\u00f3tico, constituye un verdadero contrapunto con el resto del Conjunto y tal vez con los posibles vestigios que en este punto existiera, seg\u00fan apuntan algunos autores, un oratorio musulm\u00e1n.<br \/>\nDe gran valor paisaj\u00edstico, sobresale por su privilegiada situaci\u00f3n sobre todo el conjunto de la Alhambra y el Generalife, desde donde se pueden apreciar unas vistas \u00fanicas de la ciudad de Granada y del propio monumento.<br \/>\n<strong>Denominaci\u00f3n:<\/strong> Mirador Rom\u00e1ntico.<br \/>\n<strong>Cronolog\u00eda:<\/strong> Siglo XIX, 1836.<br \/>\n<strong>A destacar:<\/strong> El contraste entre la arquitectura y la disposici\u00f3n del Mirador con el Monumento Nazar\u00ed.<br \/>\n<strong>Horario:<\/strong> hasta el 14 de marzo, de 8.30h a 18.00h y del 15 al 31 de marzo, de 8.30h a 20.00h. Martes, mi\u00e9rcoles, jueves y domingo.<br \/>\n<strong>Acceso:<\/strong> con la entrada general de la Alhambra.<br \/>\n<strong>Aforo:<\/strong> m\u00e1ximo 30 personas simult\u00e1neamente.<br \/>\nFuente: Patronato de la Alhambra<\/p>\n","protected":false},"excerpt":{"rendered":"<p>El Patronato de la Alhambra y Generalife abre al p\u00fablico durante el mes de marzo el Mirador Rom\u00e1ntico, situado en el Generalife. Todos los martes, mi\u00e9rcoles, jueves y domingos, de 8.30 a 18.00 horas, del 1 al 14 de marzo y de 8.30 a 20.00 horas, desde el 15 hasta el 31 de marzo, los [&hellip;]<\/p>\n","protected":false},"author":1,"featured_media":0,"comment_status":"open","ping_status":"open","sticky":false,"template":"","format":"standard","meta":{"footnotes":""},"categories":[4],"tags":[],"_links":{"self":[{"href":"https:\/\/www.alhambra.info\/blog\/wp-json\/wp\/v2\/posts\/21"}],"collection":[{"href":"https:\/\/www.alhambra.info\/blog\/wp-json\/wp\/v2\/posts"}],"about":[{"href":"https:\/\/www.alhambra.info\/blog\/wp-json\/wp\/v2\/types\/post"}],"author":[{"embeddable":true,"href":"https:\/\/www.alhambra.info\/blog\/wp-json\/wp\/v2\/users\/1"}],"replies":[{"embeddable":true,"href":"https:\/\/www.alhambra.info\/blog\/wp-json\/wp\/v2\/comments?post=21"}],"version-history":[{"count":0,"href":"https:\/\/www.alhambra.info\/blog\/wp-json\/wp\/v2\/posts\/21\/revisions"}],"wp:attachment":[{"href":"https:\/\/www.alhambra.info\/blog\/wp-json\/wp\/v2\/media?parent=21"}],"wp:term":[{"taxonomy":"category","embeddable":true,"href":"https:\/\/www.alhambra.info\/blog\/wp-json\/wp\/v2\/categories?post=21"},{"taxonomy":"post_tag","embeddable":true,"href":"https:\/\/www.alhambra.info\/blog\/wp-json\/wp\/v2\/tags?post=21"}],"curies":[{"name":"wp","href":"https:\/\/api.w.org\/{rel}","templated":true}]}}